{"id":48,"date":"2021-08-10T14:44:37","date_gmt":"2021-08-10T11:44:37","guid":{"rendered":"https:\/\/www.vehkalahdenveikot.fi\/kll2021\/?p=48"},"modified":"2021-08-12T08:49:21","modified_gmt":"2021-08-12T05:49:21","slug":"48","status":"publish","type":"post","link":"https:\/\/www.vehkalahdenveikot.fi\/kll2021\/2021\/08\/10\/48\/","title":{"rendered":"Kilpailujen j\u00e4rjest\u00e4misest\u00e4"},"content":{"rendered":"\n<p>Kymenlaakso on koronan levi\u00e4misvaiheessa. AVI on tartuntatautilain 58\u00a7:n nojalla m\u00e4\u00e4r\u00e4nnyt kokoontumisrajoituksia Kymenlaaksoon ajalle 14.8-13.9. Kilpailun j\u00e4rjest\u00e4j\u00e4 on pyyt\u00e4nyt Kymenlaakson sosiaali- ja terveyspalvelujen kuntayhtym\u00e4lt\u00e4 (Kymsote) tarkentavia ohjeita mink\u00e4laisin erityistoimin kilpailut ml. majoittuminen koululla voitaisiin j\u00e4rjest\u00e4\u00e4, jos ne ylip\u00e4\u00e4t\u00e4\u00e4n voidaan j\u00e4rjest\u00e4\u00e4. Kymsote on luvannut vastata pyynt\u00f6\u00f6mme. Nyt odotamme n\u00e4it\u00e4 lis\u00e4ohjeita, ja tiedotamme asiasta heti t\u00e4ss\u00e4 kisasivuilla kun uutta kerrottavaa on. T\u00e4ll\u00e4 hetkell\u00e4 jatkamme kilpailujen j\u00e4rjest\u00e4mist\u00e4 ennakkosuunnitelmiemme mukaisesti.<\/p>\n","protected":false},"excerpt":{"rendered":"<p>Kymenlaakso on koronan levi\u00e4misvaiheessa. AVI on tartuntatautilain 58\u00a7:n nojalla m\u00e4\u00e4r\u00e4nnyt kokoontumisrajoituksia Kymenlaaksoon ajalle 14.8-13.9. Kilpailun j\u00e4rjest\u00e4j\u00e4 on pyyt\u00e4nyt Kymenlaakson sosiaali- ja terveyspalvelujen kuntayhtym\u00e4lt\u00e4 (Kymsote) tarkentavia ohjeita mink\u00e4laisin erityistoimin kilpailut ml. majoittuminen koululla voitaisiin j\u00e4rjest\u00e4\u00e4,&#46;&#46;&#46;<\/p>\n","protected":false},"author":14,"featured_media":0,"comment_status":"closed","ping_status":"closed","sticky":false,"template":"","format":"standard","meta":{"ngg_post_thumbnail":0,"footnotes":""},"categories":[1],"tags":[9],"class_list":["post-48","post","type-post","status-publish","format-standard","hentry","category-yleinen","tag-korona"],"_links":{"self":[{"href":"https:\/\/www.vehkalahdenveikot.fi\/kll2021\/wp-json\/wp\/v2\/posts\/48","targetHints":{"allow":["GET"]}}],"collection":[{"href":"https:\/\/www.vehkalahdenveikot.fi\/kll2021\/wp-json\/wp\/v2\/posts"}],"about":[{"href":"https:\/\/www.vehkalahdenveikot.fi\/kll2021\/wp-json\/wp\/v2\/types\/post"}],"author":[{"embeddable":true,"href":"https:\/\/www.vehkalahdenveikot.fi\/kll2021\/wp-json\/wp\/v2\/users\/14"}],"replies":[{"embeddable":true,"href":"https:\/\/www.vehkalahdenveikot.fi\/kll2021\/wp-json\/wp\/v2\/comments?post=48"}],"version-history":[{"count":6,"href":"https:\/\/www.vehkalahdenveikot.fi\/kll2021\/wp-json\/wp\/v2\/posts\/48\/revisions"}],"predecessor-version":[{"id":69,"href":"https:\/\/www.vehkalahdenveikot.fi\/kll2021\/wp-json\/wp\/v2\/posts\/48\/revisions\/69"}],"wp:attachment":[{"href":"https:\/\/www.vehkalahdenveikot.fi\/kll2021\/wp-json\/wp\/v2\/media?parent=48"}],"wp:term":[{"taxonomy":"category","embeddable":true,"href":"https:\/\/www.vehkalahdenveikot.fi\/kll2021\/wp-json\/wp\/v2\/categories?post=48"},{"taxonomy":"post_tag","embeddable":true,"href":"https:\/\/www.vehkalahdenveikot.fi\/kll2021\/wp-json\/wp\/v2\/tags?post=48"}],"curies":[{"name":"wp","href":"https:\/\/api.w.org\/{rel}","templated":true}]}}