{"id":304,"date":"2021-10-09T14:51:46","date_gmt":"2021-10-09T11:51:46","guid":{"rendered":"https:\/\/www.vehkalahdenveikot.fi\/kll2021\/?p=304"},"modified":"2021-10-09T14:51:49","modified_gmt":"2021-10-09T11:51:49","slug":"viestin-tulokset-rastivaliajat-ja-reittiharveli","status":"publish","type":"post","link":"https:\/\/www.vehkalahdenveikot.fi\/kll2021\/2021\/10\/09\/viestin-tulokset-rastivaliajat-ja-reittiharveli\/","title":{"rendered":"Viestin tulokset, rastiv\u00e4liajat ja reittih\u00e4rveli"},"content":{"rendered":"\n<p>Tulosluettelot, rastiv\u00e4liajat (sek\u00e4 ajat rasteille, ett\u00e4 rastiv\u00e4lin ajat), sek\u00e4 reittih\u00e4rveli l\u00f6ytyv\u00e4t <a href=\"https:\/\/www.vehkalahdenveikot.fi\/kll2021\/lahtolistat-ja-tulokset\/\">tulossivulta<\/a>.<\/p>\n\n\n\n<p>Muista my\u00f6s <a href=\"https:\/\/www.vehkalahdenveikot.fi\/kll2021\/live-stream\/\">Peltosen videotallenteet<\/a> ja <a href=\"https:\/\/jarnokoivulaphotography.kuvat.fi\/kuvat\/KLL-SUUNNISTUS+HAMINA+8-9.10.2021\/\">Koivulan kuvat<\/a>.<\/p>\n\n\n\n<p>Tulospalvelu kiitt\u00e4\u00e4 ja kuittaa lauantain osalta. Turvallista kotimatkaa kaikille!<\/p>\n","protected":false},"excerpt":{"rendered":"<p>Tulosluettelot, rastiv\u00e4liajat (sek\u00e4 ajat rasteille, ett\u00e4 rastiv\u00e4lin ajat), sek\u00e4 reittih\u00e4rveli l\u00f6ytyv\u00e4t tulossivulta. Muista my\u00f6s Peltosen videotallenteet ja Koivulan kuvat. Tulospalvelu kiitt\u00e4\u00e4 ja kuittaa lauantain osalta. Turvallista kotimatkaa kaikille!<\/p>\n","protected":false},"author":2,"featured_media":0,"comment_status":"closed","ping_status":"closed","sticky":false,"template":"","format":"standard","meta":{"ngg_post_thumbnail":0,"footnotes":""},"categories":[1],"tags":[6,2,26,3,22,28,27,12],"class_list":["post-304","post","type-post","status-publish","format-standard","hentry","category-yleinen","tag-6","tag-kll","tag-kuvat","tag-suunnistus","tag-tulokset","tag-valiajat","tag-video","tag-viesti"],"_links":{"self":[{"href":"https:\/\/www.vehkalahdenveikot.fi\/kll2021\/wp-json\/wp\/v2\/posts\/304","targetHints":{"allow":["GET"]}}],"collection":[{"href":"https:\/\/www.vehkalahdenveikot.fi\/kll2021\/wp-json\/wp\/v2\/posts"}],"about":[{"href":"https:\/\/www.vehkalahdenveikot.fi\/kll2021\/wp-json\/wp\/v2\/types\/post"}],"author":[{"embeddable":true,"href":"https:\/\/www.vehkalahdenveikot.fi\/kll2021\/wp-json\/wp\/v2\/users\/2"}],"replies":[{"embeddable":true,"href":"https:\/\/www.vehkalahdenveikot.fi\/kll2021\/wp-json\/wp\/v2\/comments?post=304"}],"version-history":[{"count":1,"href":"https:\/\/www.vehkalahdenveikot.fi\/kll2021\/wp-json\/wp\/v2\/posts\/304\/revisions"}],"predecessor-version":[{"id":309,"href":"https:\/\/www.vehkalahdenveikot.fi\/kll2021\/wp-json\/wp\/v2\/posts\/304\/revisions\/309"}],"wp:attachment":[{"href":"https:\/\/www.vehkalahdenveikot.fi\/kll2021\/wp-json\/wp\/v2\/media?parent=304"}],"wp:term":[{"taxonomy":"category","embeddable":true,"href":"https:\/\/www.vehkalahdenveikot.fi\/kll2021\/wp-json\/wp\/v2\/categories?post=304"},{"taxonomy":"post_tag","embeddable":true,"href":"https:\/\/www.vehkalahdenveikot.fi\/kll2021\/wp-json\/wp\/v2\/tags?post=304"}],"curies":[{"name":"wp","href":"https:\/\/api.w.org\/{rel}","templated":true}]}}