{"id":285,"date":"2021-10-08T16:21:34","date_gmt":"2021-10-08T13:21:34","guid":{"rendered":"https:\/\/www.vehkalahdenveikot.fi\/kll2021\/?p=285"},"modified":"2021-10-08T16:21:39","modified_gmt":"2021-10-08T13:21:39","slug":"tulokset-ja-reittiharveli","status":"publish","type":"post","link":"https:\/\/www.vehkalahdenveikot.fi\/kll2021\/2021\/10\/08\/tulokset-ja-reittiharveli\/","title":{"rendered":"Tulokset ja reittih\u00e4rveli"},"content":{"rendered":"\n<p>Linkit henkil\u00f6kohtaisen kilpailun lopputuloksiin, rastiv\u00e4liaikoihin ja reittih\u00e4rveliin l\u00f6ytyv\u00e4t <a href=\"https:\/\/www.vehkalahdenveikot.fi\/kll2021\/lahtolistat-ja-tulokset\/\">tulossivulta<\/a>. <\/p>\n","protected":false},"excerpt":{"rendered":"<p>Linkit henkil\u00f6kohtaisen kilpailun lopputuloksiin, rastiv\u00e4liaikoihin ja reittih\u00e4rveliin l\u00f6ytyv\u00e4t tulossivulta.<\/p>\n","protected":false},"author":2,"featured_media":0,"comment_status":"closed","ping_status":"closed","sticky":false,"template":"","format":"standard","meta":{"ngg_post_thumbnail":0,"footnotes":""},"categories":[1],"tags":[6,2,23,24,3,22],"class_list":["post-285","post","type-post","status-publish","format-standard","hentry","category-yleinen","tag-6","tag-kll","tag-rastivaliajat","tag-reittiharveli","tag-suunnistus","tag-tulokset"],"_links":{"self":[{"href":"https:\/\/www.vehkalahdenveikot.fi\/kll2021\/wp-json\/wp\/v2\/posts\/285","targetHints":{"allow":["GET"]}}],"collection":[{"href":"https:\/\/www.vehkalahdenveikot.fi\/kll2021\/wp-json\/wp\/v2\/posts"}],"about":[{"href":"https:\/\/www.vehkalahdenveikot.fi\/kll2021\/wp-json\/wp\/v2\/types\/post"}],"author":[{"embeddable":true,"href":"https:\/\/www.vehkalahdenveikot.fi\/kll2021\/wp-json\/wp\/v2\/users\/2"}],"replies":[{"embeddable":true,"href":"https:\/\/www.vehkalahdenveikot.fi\/kll2021\/wp-json\/wp\/v2\/comments?post=285"}],"version-history":[{"count":1,"href":"https:\/\/www.vehkalahdenveikot.fi\/kll2021\/wp-json\/wp\/v2\/posts\/285\/revisions"}],"predecessor-version":[{"id":286,"href":"https:\/\/www.vehkalahdenveikot.fi\/kll2021\/wp-json\/wp\/v2\/posts\/285\/revisions\/286"}],"wp:attachment":[{"href":"https:\/\/www.vehkalahdenveikot.fi\/kll2021\/wp-json\/wp\/v2\/media?parent=285"}],"wp:term":[{"taxonomy":"category","embeddable":true,"href":"https:\/\/www.vehkalahdenveikot.fi\/kll2021\/wp-json\/wp\/v2\/categories?post=285"},{"taxonomy":"post_tag","embeddable":true,"href":"https:\/\/www.vehkalahdenveikot.fi\/kll2021\/wp-json\/wp\/v2\/tags?post=285"}],"curies":[{"name":"wp","href":"https:\/\/api.w.org\/{rel}","templated":true}]}}