{"id":1,"date":"2020-01-05T13:44:48","date_gmt":"2020-01-05T11:44:48","guid":{"rendered":"https:\/\/www.vehkalahdenveikot.fi\/kll2020\/?p=1"},"modified":"2021-04-12T20:50:34","modified_gmt":"2021-04-12T17:50:34","slug":"aloitellaan","status":"publish","type":"post","link":"https:\/\/www.vehkalahdenveikot.fi\/kll2021\/2020\/01\/05\/aloitellaan\/","title":{"rendered":"Tervetuloa!"},"content":{"rendered":"<p>Koululiikuntaliiton suunnistusmestaruuskilpailut j\u00e4rjestet\u00e4\u00e4n 27. ja 28.8.2021 Haminassa.&nbsp;<\/p>\n<p>T\u00e4h\u00e4n osoitteeseen kokoamme tietoa kilpailuista v\u00e4hitellen.&nbsp;<\/p>\n<p>Ilmoittautuminen aukeaa elokuun alkuun menness\u00e4.<\/p>\n","protected":false},"excerpt":{"rendered":"<p>Koululiikuntaliiton suunnistusmestaruuskilpailut j\u00e4rjestet\u00e4\u00e4n 27. ja 28.8.2021 Haminassa.&nbsp; T\u00e4h\u00e4n osoitteeseen kokoamme tietoa kilpailuista v\u00e4hitellen.&nbsp; Ilmoittautuminen aukeaa elokuun alkuun menness\u00e4.<\/p>\n","protected":false},"author":2,"featured_media":0,"comment_status":"open","ping_status":"open","sticky":false,"template":"","format":"standard","meta":{"ngg_post_thumbnail":0,"footnotes":""},"categories":[1],"tags":[],"class_list":["post-1","post","type-post","status-publish","format-standard","hentry","category-yleinen"],"_links":{"self":[{"href":"https:\/\/www.vehkalahdenveikot.fi\/kll2021\/wp-json\/wp\/v2\/posts\/1","targetHints":{"allow":["GET"]}}],"collection":[{"href":"https:\/\/www.vehkalahdenveikot.fi\/kll2021\/wp-json\/wp\/v2\/posts"}],"about":[{"href":"https:\/\/www.vehkalahdenveikot.fi\/kll2021\/wp-json\/wp\/v2\/types\/post"}],"author":[{"embeddable":true,"href":"https:\/\/www.vehkalahdenveikot.fi\/kll2021\/wp-json\/wp\/v2\/users\/2"}],"replies":[{"embeddable":true,"href":"https:\/\/www.vehkalahdenveikot.fi\/kll2021\/wp-json\/wp\/v2\/comments?post=1"}],"version-history":[{"count":3,"href":"https:\/\/www.vehkalahdenveikot.fi\/kll2021\/wp-json\/wp\/v2\/posts\/1\/revisions"}],"predecessor-version":[{"id":22,"href":"https:\/\/www.vehkalahdenveikot.fi\/kll2021\/wp-json\/wp\/v2\/posts\/1\/revisions\/22"}],"wp:attachment":[{"href":"https:\/\/www.vehkalahdenveikot.fi\/kll2021\/wp-json\/wp\/v2\/media?parent=1"}],"wp:term":[{"taxonomy":"category","embeddable":true,"href":"https:\/\/www.vehkalahdenveikot.fi\/kll2021\/wp-json\/wp\/v2\/categories?post=1"},{"taxonomy":"post_tag","embeddable":true,"href":"https:\/\/www.vehkalahdenveikot.fi\/kll2021\/wp-json\/wp\/v2\/tags?post=1"}],"curies":[{"name":"wp","href":"https:\/\/api.w.org\/{rel}","templated":true}]}}